{"id":143,"date":"2019-04-12T12:19:00","date_gmt":"2019-04-12T10:19:00","guid":{"rendered":"https:\/\/apl.legia.com\/?p=143"},"modified":"2024-02-01T12:38:04","modified_gmt":"2024-02-01T11:38:04","slug":"mlodszy-specjalista-ds-finansowo-administracyjnych-dolacz-do-nas","status":"publish","type":"post","link":"https:\/\/apl.legia.com\/index.php\/2019\/04\/12\/mlodszy-specjalista-ds-finansowo-administracyjnych-dolacz-do-nas\/","title":{"rendered":"M\u0142odszy specjalista ds. finansowo-administracyjnych \u2013 do\u0142\u0105cz do Nas"},"content":{"rendered":"\n<p><strong>W zwi\u0105zku z rozpocz\u0119ciem budowy Legia Training Center poszukujemy osoby do zespo\u0142u prowadz\u0105cego ten wyj\u0105tkowy projekt. G\u0142\u00f3wny zakres odpowiedzialno\u015bci jest zwi\u0105zany ze wsparciem proces\u00f3w administracyjno \u2013 finansowych, w tym rozliczaniem dotacji celowych uzyskanych na realizacj\u0119 tego przedsi\u0119wzi\u0119cia.<\/strong><\/p>\n\n\n\n<p>INFORMACJE O PRZETWARZANIU DANYCH OSOBOWYCH KANDYDAT\u00d3W DO PRACY<\/p>\n\n\n\n<p>Administratorem Pa\u0144stwa danych osobowych zawartych w zg\u0142oszeniu jest Akademia Pi\u0142karska Legii sp\u00f3\u0142ka z o.o. z siedzib\u0105 w Warszawie (\u201eAkademia\u201d). Nasze dane kontaktowe: ul. \u0141azienkowska 3, 00-449 Warszawa, e-mail: daneosobowe@legia.pl<\/p>\n\n\n\n<p>B\u0119dziemy przetwarza\u0107 Pa\u0144stwa dane osobowe w celu przeprowadzenia procesu rekrutacji na stanowisko, na kt\u00f3re Pa\u0144stwo aplikuj\u0105.<\/p>\n\n\n\n<p>W przypadku ubiegania si\u0119 o zatrudnienie na podstawie umowy o prac\u0119, podstaw\u0105 prawn\u0105 przetwarzania danych jest obowi\u0105zek prawny Akademii wynikaj\u0105cy z przepis\u00f3w prawa i fakt, \u017ce przetwarzanie danych jest niezb\u0119dne do podj\u0119cia dzia\u0142a\u0144 przed zawarciem umowy, a w zakresie danych niewymaganych przepisami prawa \u2013 podstaw\u0105 prawn\u0105 przetwarzania jest Pa\u0144stwa zgoda.<\/p>\n\n\n\n<p>W przypadku ubiegania si\u0119 o wsp\u00f3\u0142prac\u0119 na podstawie umowy cywilnoprawej podstaw\u0105 prawn\u0105 przetwarzania danych jest fakt, \u017ce przetwarzanie danych jest niezb\u0119dne do podj\u0119cia dzia\u0142a\u0144 przed zawarciem umowy, a w zakresie danych podanych fakultatywnie \u2013 Pa\u0144stwa zgoda.<\/p>\n\n\n\n<p>W przypadku, w kt\u00f3rym wyra\u017c\u0105 na to Pa\u0144stwo zgod\u0119, mo\u017cemy przetwarza\u0107 Pa\u0144stwa dane r\u00f3wnie\u017c w celu prowadzenia przysz\u0142ych rekrutacji.<\/p>\n\n\n\n<p>Mo\u017cemy ujawnia\u0107 Pa\u0144stwa dane osobowe w niezb\u0119dnym zakresie personelowi Akademii oraz podmiotom, kt\u00f3re \u015bwiadcz\u0105 nam us\u0142ugi, w tym dostawcom us\u0142ug i rozwi\u0105za\u0144 informatycznych, dostawcom serwis\u00f3w rekrutacyjnych on-line, og\u0142oszeniodawcom, doradcom zewn\u0119trznym, dostawcom us\u0142ug rekrutacyjnych, a tak\u017ce podmiotom z grupy kapita\u0142owej Akademii.<\/p>\n\n\n\n<p>Pa\u0144stwa dane osobowe b\u0119d\u0105 wykorzystywane dla cel\u00f3w rekrutacji do momentu zako\u0144czenia si\u0119 procesu rekrutacyjnego, a w zakresie w jakim przetwarzanie Pa\u0144stwa danych osobowych odbywa si\u0119 na podstawie zgody \u2013 nie d\u0142u\u017cej ni\u017c do momentu jej cofni\u0119cia. W przypadku, gdy wyrazili Pa\u0144stwo zgod\u0119 na wykorzystanie danych osobowych dla cel\u00f3w przysz\u0142ych rekrutacji, Pa\u0144stwa dane b\u0119d\u0105 wykorzystywane dla tych cel\u00f3w do czasu cofni\u0119cia Pa\u0144stwa zgody, jednak\u017ce nie d\u0142u\u017cej ni\u017c 1 rok.<\/p>\n\n\n\n<p>W przypadku ubiegania si\u0119 o zatrudnienie na podstawie umowy o prac\u0119 \u2013 podanie danych w zakresie wynikaj\u0105cym z art. 221 Kodeksu pracy, natomiast w przypadku ubiegania si\u0119 o wsp\u00f3\u0142prac\u0119 na podstawie umowy cywilnoprawnej \u2013 podanie danych wymaganych przez Akademi\u0119, jest niezb\u0119dne, aby uczestniczy\u0107 w post\u0119powaniu rekrutacyjnym. Niepodanie tych danych b\u0119dzie wi\u0105za\u0107 si\u0119 z niemo\u017cliwo\u015bci\u0105 rozpatrzenia Pa\u0144stwa kandydatury w tocz\u0105cym si\u0119 procesie rekrutacyjnym. Pozosta\u0142e dane podaj\u0105 Pa\u0144stwo dobrowolnie.<\/p>\n\n\n\n<p>Maj\u0105 Pa\u0144stwo prawo wnie\u015b\u0107 sprzeciw wobec przetwarzania Pa\u0144stwa danych osobowych, prawo \u017c\u0105dania dost\u0119pu do nich, ich sprostowania, usuni\u0119cia, ograniczenia przetwarzania i \u017c\u0105dania ich przeniesienia. Maj\u0105 Pa\u0144stwo tak\u017ce prawo wniesienia skargi do Prezesa Urz\u0119du Ochrony Danych Osobowych.<\/p>\n\n\n\n<p>W zakresie w jakim przetwarzanie Pa\u0144stwa danych osobowych odbywa si\u0119 na podstawie zgody, maj\u0105 Pa\u0144stwo prawo do jej cofni\u0119cia bez wp\u0142ywu na zgodno\u015b\u0107 z prawem przetwarzania, kt\u00f3rego dokonano przed jej cofni\u0119ciem .<\/p>\n\n\n\n<p><em>&nbsp;<a href=\"http:\/\/apl.legia.com\/wp-content\/uploads\/2019\/04\/LTC_M%C5%82odszy_Specjalista_og%C5%82oszenie_04_2019.pdf\">LTC_M\u0142odszy_Specjalista_og\u0142oszenie_04_2019<\/a><\/em><\/p>\n","protected":false},"excerpt":{"rendered":"<p>W zwi\u0105zku z rozpocz\u0119ciem budowy Legia Training Center poszukujemy osoby do zespo\u0142u prowadz\u0105cego ten wyj\u0105tkowy projekt. G\u0142\u00f3wny zakres odpowiedzialno\u015bci jest zwi\u0105zany ze wsparciem proces\u00f3w administracyjno \u2013 finansowych, w tym rozliczaniem dotacji celowych uzyskanych na realizacj\u0119 tego przedsi\u0119wzi\u0119cia. INFORMACJE O PRZETWARZANIU DANYCH OSOBOWYCH KANDYDAT\u00d3W DO PRACY Administratorem Pa\u0144stwa danych osobowych zawartych w zg\u0142oszeniu jest Akademia Pi\u0142karska&hellip;&nbsp;<a href=\"https:\/\/apl.legia.com\/index.php\/2019\/04\/12\/mlodszy-specjalista-ds-finansowo-administracyjnych-dolacz-do-nas\/\" class=\"\" rel=\"bookmark\">Czytaj dalej &raquo;<span class=\"screen-reader-text\">M\u0142odszy specjalista ds. finansowo-administracyjnych \u2013 do\u0142\u0105cz do Nas<\/span><\/a><\/p>\n","protected":false},"author":1,"featured_media":0,"comment_status":"closed","ping_status":"open","sticky":false,"template":"","format":"standard","meta":{"neve_meta_sidebar":"","neve_meta_container":"","neve_meta_enable_content_width":"","neve_meta_content_width":0,"neve_meta_title_alignment":"","neve_meta_author_avatar":"","neve_post_elements_order":"","neve_meta_disable_header":"","neve_meta_disable_footer":"","neve_meta_disable_title":"","_ti_tpc_template_sync":false,"_ti_tpc_template_id":"","footnotes":""},"categories":[3],"tags":[],"class_list":["post-143","post","type-post","status-publish","format-standard","hentry","category-aktualnosci"],"_links":{"self":[{"href":"https:\/\/apl.legia.com\/index.php\/wp-json\/wp\/v2\/posts\/143","targetHints":{"allow":["GET"]}}],"collection":[{"href":"https:\/\/apl.legia.com\/index.php\/wp-json\/wp\/v2\/posts"}],"about":[{"href":"https:\/\/apl.legia.com\/index.php\/wp-json\/wp\/v2\/types\/post"}],"author":[{"embeddable":true,"href":"https:\/\/apl.legia.com\/index.php\/wp-json\/wp\/v2\/users\/1"}],"replies":[{"embeddable":true,"href":"https:\/\/apl.legia.com\/index.php\/wp-json\/wp\/v2\/comments?post=143"}],"version-history":[{"count":1,"href":"https:\/\/apl.legia.com\/index.php\/wp-json\/wp\/v2\/posts\/143\/revisions"}],"predecessor-version":[{"id":144,"href":"https:\/\/apl.legia.com\/index.php\/wp-json\/wp\/v2\/posts\/143\/revisions\/144"}],"wp:attachment":[{"href":"https:\/\/apl.legia.com\/index.php\/wp-json\/wp\/v2\/media?parent=143"}],"wp:term":[{"taxonomy":"category","embeddable":true,"href":"https:\/\/apl.legia.com\/index.php\/wp-json\/wp\/v2\/categories?post=143"},{"taxonomy":"post_tag","embeddable":true,"href":"https:\/\/apl.legia.com\/index.php\/wp-json\/wp\/v2\/tags?post=143"}],"curies":[{"name":"wp","href":"https:\/\/api.w.org\/{rel}","templated":true}]}}